{"id":3212,"date":"2022-07-07T12:41:13","date_gmt":"2022-07-07T16:41:13","guid":{"rendered":"https:\/\/felipevicini.do\/vicini-favorece-plan-para-atraer-turismo-deportivo\/"},"modified":"2022-06-22T19:45:41","modified_gmt":"2022-06-22T23:45:41","slug":"vicini-favorece-plan-para-atraer-turismo-deportivo","status":"publish","type":"post","link":"https:\/\/felipevicini.do\/es\/vicini-favorece-plan-para-atraer-turismo-deportivo\/","title":{"rendered":"Vicini favorece plan para atraer turismo deportivo"},"content":{"rendered":"<p style=\"text-align: justify;\"><strong>Junio 6, 2022<\/strong><\/p>\n<hr \/>\n<p style=\"text-align: justify;\">El empresario Felipe Vicini, presidente de INICIA, destac\u00f3 la recuperaci\u00f3n del turismo, que de acuerdo con los n\u00fameros dados a conocer por el ministro de Turismo, esta semana, alcanz\u00f3 cifras r\u00e9cord con la llegada de casi tres millones de visitantes en lo que va de a\u00f1o.<\/p>\n<p style=\"text-align: justify;\">Felipe Vicini presidi\u00f3 la V Edici\u00f3n del Congreso del Consejo de la Alianza Empresarial por Iberoam\u00e9rica.<\/p>\n<p style=\"text-align: justify;\">Entrevistado por Mois\u00e9s Gonz\u00e1lez de <a href=\"http:\/\/Despertarnacional.com.do\" target=\"_blank\" rel=\"noopener\">Despertarnacional.com.do<\/a>, Vicini sostuvo que el gobierno supo aprovechar la incertidumbre mundial generada por la pandemia y con una buena estrategia pudo recuperar el sector.<\/p>\n<p style=\"text-align: justify;\"><strong>Turismo deportivo<\/strong><br \/>\nEl tambi\u00e9n presidente de Creando Sue\u00f1os Ol\u00edmpicos (CRESO) dijo que la Rep\u00fablica Dominicana cuenta con todo lo que necesita para convertirse en un referente en turismo deportivo.<\/p>\n<p style=\"text-align: justify;\">\u201cIncre\u00edblemente, justo antes de los juegos de Tok\u00edo, en este pa\u00eds se celebraron cuatro torneos de clasificaci\u00f3n ol\u00edmpica en varias disciplinas, de hecho una de ellas se hizo aqu\u00ed en Punta Cana, creo que fue la de judo, el Torneo Clasificatorio Panamericano de Judo, hay un gran potencial yo creo que tenemos que aprender a cacarearlo, a decirlo.<\/p>\n<p style=\"text-align: justify;\">Aqu\u00ed tenemos una gran playa en la costa norte que es la meca de kitesurf, como tu sabes ya kitesurf y surf son deporte ol\u00edmpicos, tenemos que aprovechar eso.<\/p>\n<hr \/>\n<p style=\"text-align: justify;\"><em>Fuente: <a href=\"https:\/\/listindiario.com\/la-republica\/2022\/06\/06\/724502\/vicini-favorece-plan-para-atraer-turismo-deportivo\" target=\"_blank\" rel=\"noopener\">https:\/\/listindiario.com<\/a><\/em><\/p>\n","protected":false},"excerpt":{"rendered":"<p>Junio 6, 2022 El empresario Felipe Vicini, presidente de INICIA, destac\u00f3 la recuperaci\u00f3n del turismo, que de acuerdo con los n\u00fameros dados a conocer por el ministro de Turismo, esta semana, alcanz\u00f3 cifras r\u00e9cord con la llegada de casi tres millones de visitantes en lo que va de a\u00f1o. Felipe Vicini presidi\u00f3 la V Edici\u00f3n [&hellip;]<\/p>\n","protected":false},"author":2,"featured_media":3209,"comment_status":"closed","ping_status":"open","sticky":false,"template":"","format":"standard","meta":{"site-sidebar-layout":"default","site-content-layout":"default","ast-site-content-layout":"","site-content-style":"default","site-sidebar-style":"default","ast-global-header-display":"","ast-banner-title-visibility":"","ast-main-header-display":"","ast-hfb-above-header-display":"","ast-hfb-below-header-display":"","ast-hfb-mobile-header-display":"","site-post-title":"","ast-breadcrumbs-content":"","ast-featured-img":"","footer-sml-layout":"","theme-transparent-header-meta":"default","adv-header-id-meta":"","stick-header-meta":"default","header-above-stick-meta":"","header-main-stick-meta":"","header-below-stick-meta":"","astra-migrate-meta-layouts":"default","ast-page-background-enabled":"default","ast-page-background-meta":{"desktop":{"background-color":"var(--ast-global-color-4)","background-image":"","background-repeat":"repeat","background-position":"center center","background-size":"auto","background-attachment":"scroll","background-type":"","background-media":"","overlay-type":"","overlay-color":"","overlay-gradient":""},"tablet":{"background-color":"","background-image":"","background-repeat":"repeat","background-position":"center center","background-size":"auto","background-attachment":"scroll","background-type":"","background-media":"","overlay-type":"","overlay-color":"","overlay-gradient":""},"mobile":{"background-color":"","background-image":"","background-repeat":"repeat","background-position":"center center","background-size":"auto","background-attachment":"scroll","background-type":"","background-media":"","overlay-type":"","overlay-color":"","overlay-gradient":""}},"ast-content-background-meta":{"desktop":{"background-color":"var(--ast-global-color-5)","background-image":"","background-repeat":"repeat","background-position":"center center","background-size":"auto","background-attachment":"scroll","background-type":"","background-media":"","overlay-type":"","overlay-color":"","overlay-gradient":""},"tablet":{"background-color":"var(--ast-global-color-5)","background-image":"","background-repeat":"repeat","background-position":"center center","background-size":"auto","background-attachment":"scroll","background-type":"","background-media":"","overlay-type":"","overlay-color":"","overlay-gradient":""},"mobile":{"background-color":"var(--ast-global-color-5)","background-image":"","background-repeat":"repeat","background-position":"center center","background-size":"auto","background-attachment":"scroll","background-type":"","background-media":"","overlay-type":"","overlay-color":"","overlay-gradient":""}},"footnotes":""},"categories":[1],"tags":[],"class_list":["post-3212","post","type-post","status-publish","format-standard","has-post-thumbnail","hentry","category-blog"],"yoast_head":"<!-- This site is optimized with the Yoast SEO plugin v21.9.1 - https:\/\/yoast.com\/wordpress\/plugins\/seo\/ -->\n<title>Vicini favorece plan para atraer turismo deportivo - Felipe Vicini<\/title>\n<meta name=\"description\" content=\"El empresario Felipe Vicini, presidente de INICIA, destac\u00f3 la recuperaci\u00f3n del turismo, que de acuerdo con los n\u00fameros dados a conocer por el ministro de Turismo, esta semana, alcanz\u00f3 cifras r\u00e9cord con la llegada de casi tres millones de visitantes en lo que va de a\u00f1o.\" \/>\n<meta name=\"robots\" content=\"index, follow, max-snippet:-1, max-image-preview:large, max-video-preview:-1\" \/>\n<link rel=\"canonical\" href=\"https:\/\/felipevicini.do\/es\/vicini-favorece-plan-para-atraer-turismo-deportivo\/\" \/>\n<meta property=\"og:locale\" content=\"es_ES\" \/>\n<meta property=\"og:type\" content=\"article\" \/>\n<meta property=\"og:title\" content=\"Vicini favorece plan para atraer turismo deportivo - Felipe Vicini\" \/>\n<meta property=\"og:description\" content=\"El empresario Felipe Vicini, presidente de INICIA, destac\u00f3 la recuperaci\u00f3n del turismo, que de acuerdo con los n\u00fameros dados a conocer por el ministro de Turismo, esta semana, alcanz\u00f3 cifras r\u00e9cord con la llegada de casi tres millones de visitantes en lo que va de a\u00f1o.\" \/>\n<meta property=\"og:url\" content=\"https:\/\/felipevicini.do\/es\/vicini-favorece-plan-para-atraer-turismo-deportivo\/\" \/>\n<meta property=\"og:site_name\" content=\"Felipe Vicini\" \/>\n<meta property=\"article:published_time\" content=\"2022-07-07T16:41:13+00:00\" \/>\n<meta property=\"article:modified_time\" content=\"2022-06-22T23:45:41+00:00\" \/>\n<meta property=\"og:image\" content=\"https:\/\/felipevicini.do\/wp-content\/uploads\/2022\/06\/felipe-vicini-vicini-favors-plan-to-attract-sports-tourism.jpg\" \/>\n\t<meta property=\"og:image:width\" content=\"1290\" \/>\n\t<meta property=\"og:image:height\" content=\"588\" \/>\n\t<meta property=\"og:image:type\" content=\"image\/jpeg\" \/>\n<meta name=\"author\" content=\"Felipe Vicini\" \/>\n<meta name=\"twitter:card\" content=\"summary_large_image\" \/>\n<meta name=\"twitter:creator\" content=\"@FelipeVicini\" \/>\n<meta name=\"twitter:site\" content=\"@FelipeVicini\" \/>\n<meta name=\"twitter:label1\" content=\"Escrito por\" \/>\n\t<meta name=\"twitter:data1\" content=\"Felipe Vicini\" \/>\n\t<meta name=\"twitter:label2\" content=\"Tiempo de lectura\" \/>\n\t<meta name=\"twitter:data2\" content=\"1 minuto\" \/>\n<script type=\"application\/ld+json\" class=\"yoast-schema-graph\">{\"@context\":\"https:\/\/schema.org\",\"@graph\":[{\"@type\":\"Article\",\"@id\":\"https:\/\/felipevicini.do\/es\/vicini-favorece-plan-para-atraer-turismo-deportivo\/#article\",\"isPartOf\":{\"@id\":\"https:\/\/felipevicini.do\/es\/vicini-favorece-plan-para-atraer-turismo-deportivo\/\"},\"author\":{\"name\":\"Felipe Vicini\",\"@id\":\"https:\/\/felipevicini.do\/es\/#\/schema\/person\/5e31d285009f265ea6d79634f298ed37\"},\"headline\":\"Vicini favorece plan para atraer turismo deportivo\",\"datePublished\":\"2022-07-07T16:41:13+00:00\",\"dateModified\":\"2022-06-22T23:45:41+00:00\",\"mainEntityOfPage\":{\"@id\":\"https:\/\/felipevicini.do\/es\/vicini-favorece-plan-para-atraer-turismo-deportivo\/\"},\"wordCount\":239,\"publisher\":{\"@id\":\"https:\/\/felipevicini.do\/es\/#organization\"},\"articleSection\":[\"Blog\"],\"inLanguage\":\"es\"},{\"@type\":\"WebPage\",\"@id\":\"https:\/\/felipevicini.do\/es\/vicini-favorece-plan-para-atraer-turismo-deportivo\/\",\"url\":\"https:\/\/felipevicini.do\/es\/vicini-favorece-plan-para-atraer-turismo-deportivo\/\",\"name\":\"Vicini favorece plan para atraer turismo deportivo - Felipe Vicini\",\"isPartOf\":{\"@id\":\"https:\/\/felipevicini.do\/es\/#website\"},\"datePublished\":\"2022-07-07T16:41:13+00:00\",\"dateModified\":\"2022-06-22T23:45:41+00:00\",\"description\":\"El empresario Felipe Vicini, presidente de INICIA, destac\u00f3 la recuperaci\u00f3n del turismo, que de acuerdo con los n\u00fameros dados a conocer por el ministro de Turismo, esta semana, alcanz\u00f3 cifras r\u00e9cord con la llegada de casi tres millones de visitantes en lo que va de a\u00f1o.\",\"inLanguage\":\"es\",\"potentialAction\":[{\"@type\":\"ReadAction\",\"target\":[\"https:\/\/felipevicini.do\/es\/vicini-favorece-plan-para-atraer-turismo-deportivo\/\"]}]},{\"@type\":\"WebSite\",\"@id\":\"https:\/\/felipevicini.do\/es\/#website\",\"url\":\"https:\/\/felipevicini.do\/es\/\",\"name\":\"Felipe Vicini\",\"description\":\"\",\"publisher\":{\"@id\":\"https:\/\/felipevicini.do\/es\/#organization\"},\"potentialAction\":[{\"@type\":\"SearchAction\",\"target\":{\"@type\":\"EntryPoint\",\"urlTemplate\":\"https:\/\/felipevicini.do\/es\/?s={search_term_string}\"},\"query-input\":\"required name=search_term_string\"}],\"inLanguage\":\"es\"},{\"@type\":\"Organization\",\"@id\":\"https:\/\/felipevicini.do\/es\/#organization\",\"name\":\"Felipe Vicini\",\"url\":\"https:\/\/felipevicini.do\/es\/\",\"logo\":{\"@type\":\"ImageObject\",\"inLanguage\":\"es\",\"@id\":\"https:\/\/felipevicini.do\/es\/#\/schema\/logo\/image\/\",\"url\":\"https:\/\/felipevicini.do\/wp-content\/uploads\/2021\/07\/fv.svg\",\"contentUrl\":\"https:\/\/felipevicini.do\/wp-content\/uploads\/2021\/07\/fv.svg\",\"caption\":\"Felipe Vicini\"},\"image\":{\"@id\":\"https:\/\/felipevicini.do\/es\/#\/schema\/logo\/image\/\"},\"sameAs\":[\"https:\/\/twitter.com\/FelipeVicini\",\"https:\/\/www.youtube.com\/user\/FelipeVicini\"]},{\"@type\":\"Person\",\"@id\":\"https:\/\/felipevicini.do\/es\/#\/schema\/person\/5e31d285009f265ea6d79634f298ed37\",\"name\":\"Felipe Vicini\",\"url\":\"https:\/\/felipevicini.do\/es\/author\/felipe-vicini\/\"}]}<\/script>\n<!-- \/ Yoast SEO plugin. -->","yoast_head_json":{"title":"Vicini favorece plan para atraer turismo deportivo - Felipe Vicini","description":"El empresario Felipe Vicini, presidente de INICIA, destac\u00f3 la recuperaci\u00f3n del turismo, que de acuerdo con los n\u00fameros dados a conocer por el ministro de Turismo, esta semana, alcanz\u00f3 cifras r\u00e9cord con la llegada de casi tres millones de visitantes en lo que va de a\u00f1o.","robots":{"index":"index","follow":"follow","max-snippet":"max-snippet:-1","max-image-preview":"max-image-preview:large","max-video-preview":"max-video-preview:-1"},"canonical":"https:\/\/felipevicini.do\/es\/vicini-favorece-plan-para-atraer-turismo-deportivo\/","og_locale":"es_ES","og_type":"article","og_title":"Vicini favorece plan para atraer turismo deportivo - Felipe Vicini","og_description":"El empresario Felipe Vicini, presidente de INICIA, destac\u00f3 la recuperaci\u00f3n del turismo, que de acuerdo con los n\u00fameros dados a conocer por el ministro de Turismo, esta semana, alcanz\u00f3 cifras r\u00e9cord con la llegada de casi tres millones de visitantes en lo que va de a\u00f1o.","og_url":"https:\/\/felipevicini.do\/es\/vicini-favorece-plan-para-atraer-turismo-deportivo\/","og_site_name":"Felipe Vicini","article_published_time":"2022-07-07T16:41:13+00:00","article_modified_time":"2022-06-22T23:45:41+00:00","og_image":[{"width":1290,"height":588,"url":"https:\/\/felipevicini.do\/wp-content\/uploads\/2022\/06\/felipe-vicini-vicini-favors-plan-to-attract-sports-tourism.jpg","type":"image\/jpeg"}],"author":"Felipe Vicini","twitter_card":"summary_large_image","twitter_creator":"@FelipeVicini","twitter_site":"@FelipeVicini","twitter_misc":{"Escrito por":"Felipe Vicini","Tiempo de lectura":"1 minuto"},"schema":{"@context":"https:\/\/schema.org","@graph":[{"@type":"Article","@id":"https:\/\/felipevicini.do\/es\/vicini-favorece-plan-para-atraer-turismo-deportivo\/#article","isPartOf":{"@id":"https:\/\/felipevicini.do\/es\/vicini-favorece-plan-para-atraer-turismo-deportivo\/"},"author":{"name":"Felipe Vicini","@id":"https:\/\/felipevicini.do\/es\/#\/schema\/person\/5e31d285009f265ea6d79634f298ed37"},"headline":"Vicini favorece plan para atraer turismo deportivo","datePublished":"2022-07-07T16:41:13+00:00","dateModified":"2022-06-22T23:45:41+00:00","mainEntityOfPage":{"@id":"https:\/\/felipevicini.do\/es\/vicini-favorece-plan-para-atraer-turismo-deportivo\/"},"wordCount":239,"publisher":{"@id":"https:\/\/felipevicini.do\/es\/#organization"},"articleSection":["Blog"],"inLanguage":"es"},{"@type":"WebPage","@id":"https:\/\/felipevicini.do\/es\/vicini-favorece-plan-para-atraer-turismo-deportivo\/","url":"https:\/\/felipevicini.do\/es\/vicini-favorece-plan-para-atraer-turismo-deportivo\/","name":"Vicini favorece plan para atraer turismo deportivo - Felipe Vicini","isPartOf":{"@id":"https:\/\/felipevicini.do\/es\/#website"},"datePublished":"2022-07-07T16:41:13+00:00","dateModified":"2022-06-22T23:45:41+00:00","description":"El empresario Felipe Vicini, presidente de INICIA, destac\u00f3 la recuperaci\u00f3n del turismo, que de acuerdo con los n\u00fameros dados a conocer por el ministro de Turismo, esta semana, alcanz\u00f3 cifras r\u00e9cord con la llegada de casi tres millones de visitantes en lo que va de a\u00f1o.","inLanguage":"es","potentialAction":[{"@type":"ReadAction","target":["https:\/\/felipevicini.do\/es\/vicini-favorece-plan-para-atraer-turismo-deportivo\/"]}]},{"@type":"WebSite","@id":"https:\/\/felipevicini.do\/es\/#website","url":"https:\/\/felipevicini.do\/es\/","name":"Felipe Vicini","description":"","publisher":{"@id":"https:\/\/felipevicini.do\/es\/#organization"},"potentialAction":[{"@type":"SearchAction","target":{"@type":"EntryPoint","urlTemplate":"https:\/\/felipevicini.do\/es\/?s={search_term_string}"},"query-input":"required name=search_term_string"}],"inLanguage":"es"},{"@type":"Organization","@id":"https:\/\/felipevicini.do\/es\/#organization","name":"Felipe Vicini","url":"https:\/\/felipevicini.do\/es\/","logo":{"@type":"ImageObject","inLanguage":"es","@id":"https:\/\/felipevicini.do\/es\/#\/schema\/logo\/image\/","url":"https:\/\/felipevicini.do\/wp-content\/uploads\/2021\/07\/fv.svg","contentUrl":"https:\/\/felipevicini.do\/wp-content\/uploads\/2021\/07\/fv.svg","caption":"Felipe Vicini"},"image":{"@id":"https:\/\/felipevicini.do\/es\/#\/schema\/logo\/image\/"},"sameAs":["https:\/\/twitter.com\/FelipeVicini","https:\/\/www.youtube.com\/user\/FelipeVicini"]},{"@type":"Person","@id":"https:\/\/felipevicini.do\/es\/#\/schema\/person\/5e31d285009f265ea6d79634f298ed37","name":"Felipe Vicini","url":"https:\/\/felipevicini.do\/es\/author\/felipe-vicini\/"}]}},"_links":{"self":[{"href":"https:\/\/felipevicini.do\/es\/wp-json\/wp\/v2\/posts\/3212","targetHints":{"allow":["GET"]}}],"collection":[{"href":"https:\/\/felipevicini.do\/es\/wp-json\/wp\/v2\/posts"}],"about":[{"href":"https:\/\/felipevicini.do\/es\/wp-json\/wp\/v2\/types\/post"}],"author":[{"embeddable":true,"href":"https:\/\/felipevicini.do\/es\/wp-json\/wp\/v2\/users\/2"}],"replies":[{"embeddable":true,"href":"https:\/\/felipevicini.do\/es\/wp-json\/wp\/v2\/comments?post=3212"}],"version-history":[{"count":1,"href":"https:\/\/felipevicini.do\/es\/wp-json\/wp\/v2\/posts\/3212\/revisions"}],"predecessor-version":[{"id":3213,"href":"https:\/\/felipevicini.do\/es\/wp-json\/wp\/v2\/posts\/3212\/revisions\/3213"}],"wp:featuredmedia":[{"embeddable":true,"href":"https:\/\/felipevicini.do\/es\/wp-json\/wp\/v2\/media\/3209"}],"wp:attachment":[{"href":"https:\/\/felipevicini.do\/es\/wp-json\/wp\/v2\/media?parent=3212"}],"wp:term":[{"taxonomy":"category","embeddable":true,"href":"https:\/\/felipevicini.do\/es\/wp-json\/wp\/v2\/categories?post=3212"},{"taxonomy":"post_tag","embeddable":true,"href":"https:\/\/felipevicini.do\/es\/wp-json\/wp\/v2\/tags?post=3212"}],"curies":[{"name":"wp","href":"https:\/\/api.w.org\/{rel}","templated":true}]}}