{"id":634,"date":"2015-12-10T12:57:00","date_gmt":"2015-12-10T16:57:00","guid":{"rendered":"https:\/\/felipevicini.do\/?p=634"},"modified":"2016-01-27T16:04:33","modified_gmt":"2016-01-27T20:04:33","slug":"soldevila-es-director-ejecutivo-del-creso","status":"publish","type":"post","link":"https:\/\/felipevicini.do\/es\/soldevila-es-director-ejecutivo-del-creso\/","title":{"rendered":"Soldevila es director ejecutivo del Creso"},"content":{"rendered":"<p>Soldevila and Felipe Vicini<\/p>\n<h1 style=\"text-align: justify;\"><span style=\"font-size: 14pt;\">El programa Creando Sue\u00f1os Ol\u00edmpicos (Creso) anunci\u00f3 ayer la designaci\u00f3n de Armando Soldevila como nuevo director ejecutivo, ante los presidentes de las 15 federaciones deportivas a las que apoya el programa.<\/span><\/h1>\n<p>El anuncio lo realiz\u00f3 el presidente de Creso, Felipe Vicini, quien indic\u00f3 que la designaci\u00f3n se realiz\u00f3 con el objetivo de dinamizar la organizaci\u00f3n y acercar a los atletas y las federaciones cada vez m\u00e1s al programa.<\/p>\n<p>Adem\u00e1s de los 15 presidentes de federaciones tambi\u00e9n estuvo presente el presidente del Comit\u00e9 Ol\u00edmpico, Luisin Mej\u00eda, quien afirm\u00f3 que esta nueva etapa supone un reto a largo plazo tanto para el COD como para las federaciones y el propio Creso.<\/p>\n<p>Fuente: <a href=\"http:\/\/eldia.com.do\/soldevila-es-director-ejecutivo-del-creso\/\" target=\"_blank\">Eldia<\/a><\/p>\n","protected":false},"excerpt":{"rendered":"<p>Soldevila and Felipe Vicini El programa Creando Sue\u00f1os Ol\u00edmpicos (Creso) anunci\u00f3 ayer la designaci\u00f3n de Armando Soldevila como nuevo director ejecutivo, ante los presidentes de las 15 federaciones deportivas a las que apoya el programa. El anuncio lo realiz\u00f3 el presidente de Creso, Felipe Vicini, quien indic\u00f3 que la designaci\u00f3n se realiz\u00f3 con el objetivo [&hellip;]<\/p>\n","protected":false},"author":2,"featured_media":633,"comment_status":"closed","ping_status":"open","sticky":false,"template":"","format":"standard","meta":{"site-sidebar-layout":"default","site-content-layout":"","ast-site-content-layout":"","site-content-style":"default","site-sidebar-style":"default","ast-global-header-display":"","ast-banner-title-visibility":"","ast-main-header-display":"","ast-hfb-above-header-display":"","ast-hfb-below-header-display":"","ast-hfb-mobile-header-display":"","site-post-title":"","ast-breadcrumbs-content":"","ast-featured-img":"","footer-sml-layout":"","theme-transparent-header-meta":"","adv-header-id-meta":"","stick-header-meta":"","header-above-stick-meta":"","header-main-stick-meta":"","header-below-stick-meta":"","astra-migrate-meta-layouts":"default","ast-page-background-enabled":"default","ast-page-background-meta":{"desktop":{"background-color":"var(--ast-global-color-4)","background-image":"","background-repeat":"repeat","background-position":"center center","background-size":"auto","background-attachment":"scroll","background-type":"","background-media":"","overlay-type":"","overlay-color":"","overlay-gradient":""},"tablet":{"background-color":"","background-image":"","background-repeat":"repeat","background-position":"center center","background-size":"auto","background-attachment":"scroll","background-type":"","background-media":"","overlay-type":"","overlay-color":"","overlay-gradient":""},"mobile":{"background-color":"","background-image":"","background-repeat":"repeat","background-position":"center center","background-size":"auto","background-attachment":"scroll","background-type":"","background-media":"","overlay-type":"","overlay-color":"","overlay-gradient":""}},"ast-content-background-meta":{"desktop":{"background-color":"var(--ast-global-color-5)","background-image":"","background-repeat":"repeat","background-position":"center center","background-size":"auto","background-attachment":"scroll","background-type":"","background-media":"","overlay-type":"","overlay-color":"","overlay-gradient":""},"tablet":{"background-color":"var(--ast-global-color-5)","background-image":"","background-repeat":"repeat","background-position":"center center","background-size":"auto","background-attachment":"scroll","background-type":"","background-media":"","overlay-type":"","overlay-color":"","overlay-gradient":""},"mobile":{"background-color":"var(--ast-global-color-5)","background-image":"","background-repeat":"repeat","background-position":"center center","background-size":"auto","background-attachment":"scroll","background-type":"","background-media":"","overlay-type":"","overlay-color":"","overlay-gradient":""}},"footnotes":""},"categories":[1],"tags":[],"class_list":["post-634","post","type-post","status-publish","format-standard","has-post-thumbnail","hentry","category-blog"],"yoast_head":"<!-- This site is optimized with the Yoast SEO plugin v21.9.1 - https:\/\/yoast.com\/wordpress\/plugins\/seo\/ -->\n<title>Soldevila es director ejecutivo del Creso - Felipe Vicini<\/title>\n<meta name=\"robots\" content=\"index, follow, max-snippet:-1, max-image-preview:large, max-video-preview:-1\" \/>\n<link rel=\"canonical\" href=\"https:\/\/felipevicini.do\/es\/soldevila-es-director-ejecutivo-del-creso\/\" \/>\n<meta property=\"og:locale\" content=\"es_ES\" \/>\n<meta property=\"og:type\" content=\"article\" \/>\n<meta property=\"og:title\" content=\"Soldevila es director ejecutivo del Creso - Felipe Vicini\" \/>\n<meta property=\"og:description\" content=\"Soldevila and Felipe Vicini El programa Creando Sue\u00f1os Ol\u00edmpicos (Creso) anunci\u00f3 ayer la designaci\u00f3n de Armando Soldevila como nuevo director ejecutivo, ante los presidentes de las 15 federaciones deportivas a las que apoya el programa. El anuncio lo realiz\u00f3 el presidente de Creso, Felipe Vicini, quien indic\u00f3 que la designaci\u00f3n se realiz\u00f3 con el objetivo [&hellip;]\" \/>\n<meta property=\"og:url\" content=\"https:\/\/felipevicini.do\/es\/soldevila-es-director-ejecutivo-del-creso\/\" \/>\n<meta property=\"og:site_name\" content=\"Felipe Vicini\" \/>\n<meta property=\"article:published_time\" content=\"2015-12-10T16:57:00+00:00\" \/>\n<meta property=\"article:modified_time\" content=\"2016-01-27T20:04:33+00:00\" \/>\n<meta property=\"og:image\" content=\"https:\/\/felipevicini.do\/wp-content\/uploads\/2015\/12\/soldevila-ceo.jpg\" \/>\n\t<meta property=\"og:image:width\" content=\"515\" \/>\n\t<meta property=\"og:image:height\" content=\"419\" \/>\n\t<meta property=\"og:image:type\" content=\"image\/jpeg\" \/>\n<meta name=\"author\" content=\"Felipe Vicini\" \/>\n<meta name=\"twitter:card\" content=\"summary_large_image\" \/>\n<meta name=\"twitter:creator\" content=\"@FelipeVicini\" \/>\n<meta name=\"twitter:site\" content=\"@FelipeVicini\" \/>\n<meta name=\"twitter:label1\" content=\"Escrito por\" \/>\n\t<meta name=\"twitter:data1\" content=\"Felipe Vicini\" \/>\n\t<meta name=\"twitter:label2\" content=\"Tiempo de lectura\" \/>\n\t<meta name=\"twitter:data2\" content=\"1 minuto\" \/>\n<script type=\"application\/ld+json\" class=\"yoast-schema-graph\">{\"@context\":\"https:\/\/schema.org\",\"@graph\":[{\"@type\":\"Article\",\"@id\":\"https:\/\/felipevicini.do\/es\/soldevila-es-director-ejecutivo-del-creso\/#article\",\"isPartOf\":{\"@id\":\"https:\/\/felipevicini.do\/es\/soldevila-es-director-ejecutivo-del-creso\/\"},\"author\":{\"name\":\"Felipe Vicini\",\"@id\":\"https:\/\/felipevicini.do\/es\/#\/schema\/person\/5e31d285009f265ea6d79634f298ed37\"},\"headline\":\"Soldevila es director ejecutivo del Creso\",\"datePublished\":\"2015-12-10T16:57:00+00:00\",\"dateModified\":\"2016-01-27T20:04:33+00:00\",\"mainEntityOfPage\":{\"@id\":\"https:\/\/felipevicini.do\/es\/soldevila-es-director-ejecutivo-del-creso\/\"},\"wordCount\":129,\"publisher\":{\"@id\":\"https:\/\/felipevicini.do\/es\/#organization\"},\"articleSection\":[\"Blog\"],\"inLanguage\":\"es\"},{\"@type\":\"WebPage\",\"@id\":\"https:\/\/felipevicini.do\/es\/soldevila-es-director-ejecutivo-del-creso\/\",\"url\":\"https:\/\/felipevicini.do\/es\/soldevila-es-director-ejecutivo-del-creso\/\",\"name\":\"Soldevila es director ejecutivo del Creso - Felipe Vicini\",\"isPartOf\":{\"@id\":\"https:\/\/felipevicini.do\/es\/#website\"},\"datePublished\":\"2015-12-10T16:57:00+00:00\",\"dateModified\":\"2016-01-27T20:04:33+00:00\",\"inLanguage\":\"es\",\"potentialAction\":[{\"@type\":\"ReadAction\",\"target\":[\"https:\/\/felipevicini.do\/es\/soldevila-es-director-ejecutivo-del-creso\/\"]}]},{\"@type\":\"WebSite\",\"@id\":\"https:\/\/felipevicini.do\/es\/#website\",\"url\":\"https:\/\/felipevicini.do\/es\/\",\"name\":\"Felipe Vicini\",\"description\":\"\",\"publisher\":{\"@id\":\"https:\/\/felipevicini.do\/es\/#organization\"},\"potentialAction\":[{\"@type\":\"SearchAction\",\"target\":{\"@type\":\"EntryPoint\",\"urlTemplate\":\"https:\/\/felipevicini.do\/es\/?s={search_term_string}\"},\"query-input\":\"required name=search_term_string\"}],\"inLanguage\":\"es\"},{\"@type\":\"Organization\",\"@id\":\"https:\/\/felipevicini.do\/es\/#organization\",\"name\":\"Felipe Vicini\",\"url\":\"https:\/\/felipevicini.do\/es\/\",\"logo\":{\"@type\":\"ImageObject\",\"inLanguage\":\"es\",\"@id\":\"https:\/\/felipevicini.do\/es\/#\/schema\/logo\/image\/\",\"url\":\"https:\/\/felipevicini.do\/wp-content\/uploads\/2021\/07\/fv.svg\",\"contentUrl\":\"https:\/\/felipevicini.do\/wp-content\/uploads\/2021\/07\/fv.svg\",\"caption\":\"Felipe Vicini\"},\"image\":{\"@id\":\"https:\/\/felipevicini.do\/es\/#\/schema\/logo\/image\/\"},\"sameAs\":[\"https:\/\/twitter.com\/FelipeVicini\",\"https:\/\/www.youtube.com\/user\/FelipeVicini\"]},{\"@type\":\"Person\",\"@id\":\"https:\/\/felipevicini.do\/es\/#\/schema\/person\/5e31d285009f265ea6d79634f298ed37\",\"name\":\"Felipe Vicini\",\"url\":\"https:\/\/felipevicini.do\/es\/author\/felipe-vicini\/\"}]}<\/script>\n<!-- \/ Yoast SEO plugin. -->","yoast_head_json":{"title":"Soldevila es director ejecutivo del Creso - Felipe Vicini","robots":{"index":"index","follow":"follow","max-snippet":"max-snippet:-1","max-image-preview":"max-image-preview:large","max-video-preview":"max-video-preview:-1"},"canonical":"https:\/\/felipevicini.do\/es\/soldevila-es-director-ejecutivo-del-creso\/","og_locale":"es_ES","og_type":"article","og_title":"Soldevila es director ejecutivo del Creso - Felipe Vicini","og_description":"Soldevila and Felipe Vicini El programa Creando Sue\u00f1os Ol\u00edmpicos (Creso) anunci\u00f3 ayer la designaci\u00f3n de Armando Soldevila como nuevo director ejecutivo, ante los presidentes de las 15 federaciones deportivas a las que apoya el programa. El anuncio lo realiz\u00f3 el presidente de Creso, Felipe Vicini, quien indic\u00f3 que la designaci\u00f3n se realiz\u00f3 con el objetivo [&hellip;]","og_url":"https:\/\/felipevicini.do\/es\/soldevila-es-director-ejecutivo-del-creso\/","og_site_name":"Felipe Vicini","article_published_time":"2015-12-10T16:57:00+00:00","article_modified_time":"2016-01-27T20:04:33+00:00","og_image":[{"width":515,"height":419,"url":"https:\/\/felipevicini.do\/wp-content\/uploads\/2015\/12\/soldevila-ceo.jpg","type":"image\/jpeg"}],"author":"Felipe Vicini","twitter_card":"summary_large_image","twitter_creator":"@FelipeVicini","twitter_site":"@FelipeVicini","twitter_misc":{"Escrito por":"Felipe Vicini","Tiempo de lectura":"1 minuto"},"schema":{"@context":"https:\/\/schema.org","@graph":[{"@type":"Article","@id":"https:\/\/felipevicini.do\/es\/soldevila-es-director-ejecutivo-del-creso\/#article","isPartOf":{"@id":"https:\/\/felipevicini.do\/es\/soldevila-es-director-ejecutivo-del-creso\/"},"author":{"name":"Felipe Vicini","@id":"https:\/\/felipevicini.do\/es\/#\/schema\/person\/5e31d285009f265ea6d79634f298ed37"},"headline":"Soldevila es director ejecutivo del Creso","datePublished":"2015-12-10T16:57:00+00:00","dateModified":"2016-01-27T20:04:33+00:00","mainEntityOfPage":{"@id":"https:\/\/felipevicini.do\/es\/soldevila-es-director-ejecutivo-del-creso\/"},"wordCount":129,"publisher":{"@id":"https:\/\/felipevicini.do\/es\/#organization"},"articleSection":["Blog"],"inLanguage":"es"},{"@type":"WebPage","@id":"https:\/\/felipevicini.do\/es\/soldevila-es-director-ejecutivo-del-creso\/","url":"https:\/\/felipevicini.do\/es\/soldevila-es-director-ejecutivo-del-creso\/","name":"Soldevila es director ejecutivo del Creso - Felipe Vicini","isPartOf":{"@id":"https:\/\/felipevicini.do\/es\/#website"},"datePublished":"2015-12-10T16:57:00+00:00","dateModified":"2016-01-27T20:04:33+00:00","inLanguage":"es","potentialAction":[{"@type":"ReadAction","target":["https:\/\/felipevicini.do\/es\/soldevila-es-director-ejecutivo-del-creso\/"]}]},{"@type":"WebSite","@id":"https:\/\/felipevicini.do\/es\/#website","url":"https:\/\/felipevicini.do\/es\/","name":"Felipe Vicini","description":"","publisher":{"@id":"https:\/\/felipevicini.do\/es\/#organization"},"potentialAction":[{"@type":"SearchAction","target":{"@type":"EntryPoint","urlTemplate":"https:\/\/felipevicini.do\/es\/?s={search_term_string}"},"query-input":"required name=search_term_string"}],"inLanguage":"es"},{"@type":"Organization","@id":"https:\/\/felipevicini.do\/es\/#organization","name":"Felipe Vicini","url":"https:\/\/felipevicini.do\/es\/","logo":{"@type":"ImageObject","inLanguage":"es","@id":"https:\/\/felipevicini.do\/es\/#\/schema\/logo\/image\/","url":"https:\/\/felipevicini.do\/wp-content\/uploads\/2021\/07\/fv.svg","contentUrl":"https:\/\/felipevicini.do\/wp-content\/uploads\/2021\/07\/fv.svg","caption":"Felipe Vicini"},"image":{"@id":"https:\/\/felipevicini.do\/es\/#\/schema\/logo\/image\/"},"sameAs":["https:\/\/twitter.com\/FelipeVicini","https:\/\/www.youtube.com\/user\/FelipeVicini"]},{"@type":"Person","@id":"https:\/\/felipevicini.do\/es\/#\/schema\/person\/5e31d285009f265ea6d79634f298ed37","name":"Felipe Vicini","url":"https:\/\/felipevicini.do\/es\/author\/felipe-vicini\/"}]}},"_links":{"self":[{"href":"https:\/\/felipevicini.do\/es\/wp-json\/wp\/v2\/posts\/634","targetHints":{"allow":["GET"]}}],"collection":[{"href":"https:\/\/felipevicini.do\/es\/wp-json\/wp\/v2\/posts"}],"about":[{"href":"https:\/\/felipevicini.do\/es\/wp-json\/wp\/v2\/types\/post"}],"author":[{"embeddable":true,"href":"https:\/\/felipevicini.do\/es\/wp-json\/wp\/v2\/users\/2"}],"replies":[{"embeddable":true,"href":"https:\/\/felipevicini.do\/es\/wp-json\/wp\/v2\/comments?post=634"}],"version-history":[{"count":0,"href":"https:\/\/felipevicini.do\/es\/wp-json\/wp\/v2\/posts\/634\/revisions"}],"wp:featuredmedia":[{"embeddable":true,"href":"https:\/\/felipevicini.do\/es\/wp-json\/wp\/v2\/media\/633"}],"wp:attachment":[{"href":"https:\/\/felipevicini.do\/es\/wp-json\/wp\/v2\/media?parent=634"}],"wp:term":[{"taxonomy":"category","embeddable":true,"href":"https:\/\/felipevicini.do\/es\/wp-json\/wp\/v2\/categories?post=634"},{"taxonomy":"post_tag","embeddable":true,"href":"https:\/\/felipevicini.do\/es\/wp-json\/wp\/v2\/tags?post=634"}],"curies":[{"name":"wp","href":"https:\/\/api.w.org\/{rel}","templated":true}]}}