{"id":713,"date":"2016-02-02T15:37:10","date_gmt":"2016-02-02T19:37:10","guid":{"rendered":"https:\/\/felipevicini.do\/en\/?p=713"},"modified":"2016-02-11T15:38:59","modified_gmt":"2016-02-11T19:38:59","slug":"juan-marichal-nunca-olvidare-esta-honra","status":"publish","type":"post","link":"https:\/\/felipevicini.do\/es\/juan-marichal-nunca-olvidare-esta-honra\/","title":{"rendered":"Juan Marichal: \u201cNunca olvidar\u00e9 esta honra\u201d"},"content":{"rendered":"<p style=\"text-align: justify;\"><em>Dijo que no sab\u00eda explicar con palabras el honor que siente<\/em><\/p>\n<h3 style=\"text-align: justify;\">El inmortal de Cooperstown Juan Marichal dijo ayer que se sent\u00eda muy agradecido por la honra de que la versi\u00f3n 58 de la Serie del Caribe lleve su nombre. \u201cMuchas gracias a todas las autoridades que hicieron posible este reconocimiento.<\/h3>\n<p style=\"text-align: justify;\">Mi sincero agradecimiento y gratitud\u201d, dijo Marichal. y a\u00f1adi\u00f3: \u201cEstoy disfrutando este honor. En este estadio Quisqueya hice mi primer lanzamiento como profesional en octubre de 1957 y volver para recibir esta honra significa mucho para m\u00ed\u201d.<\/p>\n<p style=\"text-align: justify;\">Marichal fue el primer dominicano exaltado al Sal\u00f3n de la Fama de Cooperstown en 1983.<\/p>\n<p style=\"text-align: justify;\">Debut\u00f3 en las Grandes Ligas el 19 de julio de 1960 y se march\u00f3 el 16 de abril de 1975.<\/p>\n<p style=\"text-align: justify;\">Lanz\u00f3 durante 16 a\u00f1os en Grandes Ligas, de 1960 a 1975, con registro de 243-142 y efectividad de 2.89, con los Gigantes de San Francisco, Boston y Dodgers. Gan\u00f3 20 juegos o m\u00e1s en seis temporadas distintas. Fue l\u00edder de victorias en las Grandes Ligas en dos campa\u00f1as (25 en 1963 y 26 en 1968).<\/p>\n<p style=\"text-align: justify;\">Juan Francisco Puello Herrera, presidente de la Confederaci\u00f3n de B\u00e9isbol del Caribe, durante la ceremonia inaugural resalt\u00f3 las cualidades de Marichal, resaltando que es un ser humano excepcional.<\/p>\n<p style=\"text-align: justify;\">\u201cReconocer a un ser humano excepcional como Juan Marichal siempre es un honor\u201d, dijo Puello Herrera.<\/p>\n<p style=\"text-align: justify;\">Fuente: <a href=\"http:\/\/eldia.com.do\/juan-marichal-nunca-olvidare-esta-honra\/\" target=\"_blank\">El D\u00eda<\/a><\/p>\n","protected":false},"excerpt":{"rendered":"<p>Dijo que no sab\u00eda explicar con palabras el honor que siente El inmortal de Cooperstown Juan Marichal dijo ayer que se sent\u00eda muy agradecido por la honra de que la versi\u00f3n 58 de la Serie del Caribe lleve su nombre. \u201cMuchas gracias a todas las autoridades que hicieron posible este reconocimiento. Mi sincero agradecimiento y [&hellip;]<\/p>\n","protected":false},"author":2,"featured_media":717,"comment_status":"closed","ping_status":"open","sticky":false,"template":"","format":"standard","meta":{"site-sidebar-layout":"default","site-content-layout":"","ast-site-content-layout":"","site-content-style":"default","site-sidebar-style":"default","ast-global-header-display":"","ast-banner-title-visibility":"","ast-main-header-display":"","ast-hfb-above-header-display":"","ast-hfb-below-header-display":"","ast-hfb-mobile-header-display":"","site-post-title":"","ast-breadcrumbs-content":"","ast-featured-img":"","footer-sml-layout":"","theme-transparent-header-meta":"","adv-header-id-meta":"","stick-header-meta":"","header-above-stick-meta":"","header-main-stick-meta":"","header-below-stick-meta":"","astra-migrate-meta-layouts":"default","ast-page-background-enabled":"default","ast-page-background-meta":{"desktop":{"background-color":"var(--ast-global-color-4)","background-image":"","background-repeat":"repeat","background-position":"center center","background-size":"auto","background-attachment":"scroll","background-type":"","background-media":"","overlay-type":"","overlay-color":"","overlay-gradient":""},"tablet":{"background-color":"","background-image":"","background-repeat":"repeat","background-position":"center center","background-size":"auto","background-attachment":"scroll","background-type":"","background-media":"","overlay-type":"","overlay-color":"","overlay-gradient":""},"mobile":{"background-color":"","background-image":"","background-repeat":"repeat","background-position":"center center","background-size":"auto","background-attachment":"scroll","background-type":"","background-media":"","overlay-type":"","overlay-color":"","overlay-gradient":""}},"ast-content-background-meta":{"desktop":{"background-color":"var(--ast-global-color-5)","background-image":"","background-repeat":"repeat","background-position":"center center","background-size":"auto","background-attachment":"scroll","background-type":"","background-media":"","overlay-type":"","overlay-color":"","overlay-gradient":""},"tablet":{"background-color":"var(--ast-global-color-5)","background-image":"","background-repeat":"repeat","background-position":"center center","background-size":"auto","background-attachment":"scroll","background-type":"","background-media":"","overlay-type":"","overlay-color":"","overlay-gradient":""},"mobile":{"background-color":"var(--ast-global-color-5)","background-image":"","background-repeat":"repeat","background-position":"center center","background-size":"auto","background-attachment":"scroll","background-type":"","background-media":"","overlay-type":"","overlay-color":"","overlay-gradient":""}},"footnotes":""},"categories":[1],"tags":[],"class_list":["post-713","post","type-post","status-publish","format-standard","has-post-thumbnail","hentry","category-blog"],"yoast_head":"<!-- This site is optimized with the Yoast SEO plugin v21.9.1 - https:\/\/yoast.com\/wordpress\/plugins\/seo\/ -->\n<title>Juan Marichal: \u201cNunca olvidar\u00e9 esta honra\u201d - Felipe Vicini<\/title>\n<meta name=\"description\" content=\"El inmortal de Cooperstown Juan Marichal dijo ayer que se sent\u00eda muy agradecido por la honra de que la versi\u00f3n 58 de la Serie del Caribe lleve su nombre.\" \/>\n<meta name=\"robots\" content=\"index, follow, max-snippet:-1, max-image-preview:large, max-video-preview:-1\" \/>\n<link rel=\"canonical\" href=\"https:\/\/felipevicini.do\/es\/juan-marichal-nunca-olvidare-esta-honra\/\" \/>\n<meta property=\"og:locale\" content=\"es_ES\" \/>\n<meta property=\"og:type\" content=\"article\" \/>\n<meta property=\"og:title\" content=\"Juan Marichal: \u201cNunca olvidar\u00e9 esta honra\u201d - Felipe Vicini\" \/>\n<meta property=\"og:description\" content=\"El inmortal de Cooperstown Juan Marichal dijo ayer que se sent\u00eda muy agradecido por la honra de que la versi\u00f3n 58 de la Serie del Caribe lleve su nombre.\" \/>\n<meta property=\"og:url\" content=\"https:\/\/felipevicini.do\/es\/juan-marichal-nunca-olvidare-esta-honra\/\" \/>\n<meta property=\"og:site_name\" content=\"Felipe Vicini\" \/>\n<meta property=\"article:published_time\" content=\"2016-02-02T19:37:10+00:00\" \/>\n<meta property=\"article:modified_time\" content=\"2016-02-11T19:38:59+00:00\" \/>\n<meta property=\"og:image\" content=\"https:\/\/felipevicini.do\/wp-content\/uploads\/2016\/02\/juan-marichal-nunca-olvidare-esta-honra-2.jpg\" \/>\n\t<meta property=\"og:image:width\" content=\"840\" \/>\n\t<meta property=\"og:image:height\" content=\"465\" \/>\n\t<meta property=\"og:image:type\" content=\"image\/jpeg\" \/>\n<meta name=\"author\" content=\"Felipe Vicini\" \/>\n<meta name=\"twitter:card\" content=\"summary_large_image\" \/>\n<meta name=\"twitter:creator\" content=\"@FelipeVicini\" \/>\n<meta name=\"twitter:site\" content=\"@FelipeVicini\" \/>\n<meta name=\"twitter:label1\" content=\"Escrito por\" \/>\n\t<meta name=\"twitter:data1\" content=\"Felipe Vicini\" \/>\n\t<meta name=\"twitter:label2\" content=\"Tiempo de lectura\" \/>\n\t<meta name=\"twitter:data2\" content=\"1 minuto\" \/>\n<script type=\"application\/ld+json\" class=\"yoast-schema-graph\">{\"@context\":\"https:\/\/schema.org\",\"@graph\":[{\"@type\":\"Article\",\"@id\":\"https:\/\/felipevicini.do\/es\/juan-marichal-nunca-olvidare-esta-honra\/#article\",\"isPartOf\":{\"@id\":\"https:\/\/felipevicini.do\/es\/juan-marichal-nunca-olvidare-esta-honra\/\"},\"author\":{\"name\":\"Felipe Vicini\",\"@id\":\"https:\/\/felipevicini.do\/es\/#\/schema\/person\/5e31d285009f265ea6d79634f298ed37\"},\"headline\":\"Juan Marichal: \u201cNunca olvidar\u00e9 esta honra\u201d\",\"datePublished\":\"2016-02-02T19:37:10+00:00\",\"dateModified\":\"2016-02-11T19:38:59+00:00\",\"mainEntityOfPage\":{\"@id\":\"https:\/\/felipevicini.do\/es\/juan-marichal-nunca-olvidare-esta-honra\/\"},\"wordCount\":227,\"publisher\":{\"@id\":\"https:\/\/felipevicini.do\/es\/#organization\"},\"articleSection\":[\"Blog\"],\"inLanguage\":\"es\"},{\"@type\":\"WebPage\",\"@id\":\"https:\/\/felipevicini.do\/es\/juan-marichal-nunca-olvidare-esta-honra\/\",\"url\":\"https:\/\/felipevicini.do\/es\/juan-marichal-nunca-olvidare-esta-honra\/\",\"name\":\"Juan Marichal: \u201cNunca olvidar\u00e9 esta honra\u201d - Felipe Vicini\",\"isPartOf\":{\"@id\":\"https:\/\/felipevicini.do\/es\/#website\"},\"datePublished\":\"2016-02-02T19:37:10+00:00\",\"dateModified\":\"2016-02-11T19:38:59+00:00\",\"description\":\"El inmortal de Cooperstown Juan Marichal dijo ayer que se sent\u00eda muy agradecido por la honra de que la versi\u00f3n 58 de la Serie del Caribe lleve su nombre.\",\"inLanguage\":\"es\",\"potentialAction\":[{\"@type\":\"ReadAction\",\"target\":[\"https:\/\/felipevicini.do\/es\/juan-marichal-nunca-olvidare-esta-honra\/\"]}]},{\"@type\":\"WebSite\",\"@id\":\"https:\/\/felipevicini.do\/es\/#website\",\"url\":\"https:\/\/felipevicini.do\/es\/\",\"name\":\"Felipe Vicini\",\"description\":\"\",\"publisher\":{\"@id\":\"https:\/\/felipevicini.do\/es\/#organization\"},\"potentialAction\":[{\"@type\":\"SearchAction\",\"target\":{\"@type\":\"EntryPoint\",\"urlTemplate\":\"https:\/\/felipevicini.do\/es\/?s={search_term_string}\"},\"query-input\":\"required name=search_term_string\"}],\"inLanguage\":\"es\"},{\"@type\":\"Organization\",\"@id\":\"https:\/\/felipevicini.do\/es\/#organization\",\"name\":\"Felipe Vicini\",\"url\":\"https:\/\/felipevicini.do\/es\/\",\"logo\":{\"@type\":\"ImageObject\",\"inLanguage\":\"es\",\"@id\":\"https:\/\/felipevicini.do\/es\/#\/schema\/logo\/image\/\",\"url\":\"https:\/\/felipevicini.do\/wp-content\/uploads\/2021\/07\/fv.svg\",\"contentUrl\":\"https:\/\/felipevicini.do\/wp-content\/uploads\/2021\/07\/fv.svg\",\"caption\":\"Felipe Vicini\"},\"image\":{\"@id\":\"https:\/\/felipevicini.do\/es\/#\/schema\/logo\/image\/\"},\"sameAs\":[\"https:\/\/twitter.com\/FelipeVicini\",\"https:\/\/www.youtube.com\/user\/FelipeVicini\"]},{\"@type\":\"Person\",\"@id\":\"https:\/\/felipevicini.do\/es\/#\/schema\/person\/5e31d285009f265ea6d79634f298ed37\",\"name\":\"Felipe Vicini\",\"url\":\"https:\/\/felipevicini.do\/es\/author\/felipe-vicini\/\"}]}<\/script>\n<!-- \/ Yoast SEO plugin. -->","yoast_head_json":{"title":"Juan Marichal: \u201cNunca olvidar\u00e9 esta honra\u201d - Felipe Vicini","description":"El inmortal de Cooperstown Juan Marichal dijo ayer que se sent\u00eda muy agradecido por la honra de que la versi\u00f3n 58 de la Serie del Caribe lleve su nombre.","robots":{"index":"index","follow":"follow","max-snippet":"max-snippet:-1","max-image-preview":"max-image-preview:large","max-video-preview":"max-video-preview:-1"},"canonical":"https:\/\/felipevicini.do\/es\/juan-marichal-nunca-olvidare-esta-honra\/","og_locale":"es_ES","og_type":"article","og_title":"Juan Marichal: \u201cNunca olvidar\u00e9 esta honra\u201d - Felipe Vicini","og_description":"El inmortal de Cooperstown Juan Marichal dijo ayer que se sent\u00eda muy agradecido por la honra de que la versi\u00f3n 58 de la Serie del Caribe lleve su nombre.","og_url":"https:\/\/felipevicini.do\/es\/juan-marichal-nunca-olvidare-esta-honra\/","og_site_name":"Felipe Vicini","article_published_time":"2016-02-02T19:37:10+00:00","article_modified_time":"2016-02-11T19:38:59+00:00","og_image":[{"width":840,"height":465,"url":"https:\/\/felipevicini.do\/wp-content\/uploads\/2016\/02\/juan-marichal-nunca-olvidare-esta-honra-2.jpg","type":"image\/jpeg"}],"author":"Felipe Vicini","twitter_card":"summary_large_image","twitter_creator":"@FelipeVicini","twitter_site":"@FelipeVicini","twitter_misc":{"Escrito por":"Felipe Vicini","Tiempo de lectura":"1 minuto"},"schema":{"@context":"https:\/\/schema.org","@graph":[{"@type":"Article","@id":"https:\/\/felipevicini.do\/es\/juan-marichal-nunca-olvidare-esta-honra\/#article","isPartOf":{"@id":"https:\/\/felipevicini.do\/es\/juan-marichal-nunca-olvidare-esta-honra\/"},"author":{"name":"Felipe Vicini","@id":"https:\/\/felipevicini.do\/es\/#\/schema\/person\/5e31d285009f265ea6d79634f298ed37"},"headline":"Juan Marichal: \u201cNunca olvidar\u00e9 esta honra\u201d","datePublished":"2016-02-02T19:37:10+00:00","dateModified":"2016-02-11T19:38:59+00:00","mainEntityOfPage":{"@id":"https:\/\/felipevicini.do\/es\/juan-marichal-nunca-olvidare-esta-honra\/"},"wordCount":227,"publisher":{"@id":"https:\/\/felipevicini.do\/es\/#organization"},"articleSection":["Blog"],"inLanguage":"es"},{"@type":"WebPage","@id":"https:\/\/felipevicini.do\/es\/juan-marichal-nunca-olvidare-esta-honra\/","url":"https:\/\/felipevicini.do\/es\/juan-marichal-nunca-olvidare-esta-honra\/","name":"Juan Marichal: \u201cNunca olvidar\u00e9 esta honra\u201d - Felipe Vicini","isPartOf":{"@id":"https:\/\/felipevicini.do\/es\/#website"},"datePublished":"2016-02-02T19:37:10+00:00","dateModified":"2016-02-11T19:38:59+00:00","description":"El inmortal de Cooperstown Juan Marichal dijo ayer que se sent\u00eda muy agradecido por la honra de que la versi\u00f3n 58 de la Serie del Caribe lleve su nombre.","inLanguage":"es","potentialAction":[{"@type":"ReadAction","target":["https:\/\/felipevicini.do\/es\/juan-marichal-nunca-olvidare-esta-honra\/"]}]},{"@type":"WebSite","@id":"https:\/\/felipevicini.do\/es\/#website","url":"https:\/\/felipevicini.do\/es\/","name":"Felipe Vicini","description":"","publisher":{"@id":"https:\/\/felipevicini.do\/es\/#organization"},"potentialAction":[{"@type":"SearchAction","target":{"@type":"EntryPoint","urlTemplate":"https:\/\/felipevicini.do\/es\/?s={search_term_string}"},"query-input":"required name=search_term_string"}],"inLanguage":"es"},{"@type":"Organization","@id":"https:\/\/felipevicini.do\/es\/#organization","name":"Felipe Vicini","url":"https:\/\/felipevicini.do\/es\/","logo":{"@type":"ImageObject","inLanguage":"es","@id":"https:\/\/felipevicini.do\/es\/#\/schema\/logo\/image\/","url":"https:\/\/felipevicini.do\/wp-content\/uploads\/2021\/07\/fv.svg","contentUrl":"https:\/\/felipevicini.do\/wp-content\/uploads\/2021\/07\/fv.svg","caption":"Felipe Vicini"},"image":{"@id":"https:\/\/felipevicini.do\/es\/#\/schema\/logo\/image\/"},"sameAs":["https:\/\/twitter.com\/FelipeVicini","https:\/\/www.youtube.com\/user\/FelipeVicini"]},{"@type":"Person","@id":"https:\/\/felipevicini.do\/es\/#\/schema\/person\/5e31d285009f265ea6d79634f298ed37","name":"Felipe Vicini","url":"https:\/\/felipevicini.do\/es\/author\/felipe-vicini\/"}]}},"_links":{"self":[{"href":"https:\/\/felipevicini.do\/es\/wp-json\/wp\/v2\/posts\/713","targetHints":{"allow":["GET"]}}],"collection":[{"href":"https:\/\/felipevicini.do\/es\/wp-json\/wp\/v2\/posts"}],"about":[{"href":"https:\/\/felipevicini.do\/es\/wp-json\/wp\/v2\/types\/post"}],"author":[{"embeddable":true,"href":"https:\/\/felipevicini.do\/es\/wp-json\/wp\/v2\/users\/2"}],"replies":[{"embeddable":true,"href":"https:\/\/felipevicini.do\/es\/wp-json\/wp\/v2\/comments?post=713"}],"version-history":[{"count":0,"href":"https:\/\/felipevicini.do\/es\/wp-json\/wp\/v2\/posts\/713\/revisions"}],"wp:featuredmedia":[{"embeddable":true,"href":"https:\/\/felipevicini.do\/es\/wp-json\/wp\/v2\/media\/717"}],"wp:attachment":[{"href":"https:\/\/felipevicini.do\/es\/wp-json\/wp\/v2\/media?parent=713"}],"wp:term":[{"taxonomy":"category","embeddable":true,"href":"https:\/\/felipevicini.do\/es\/wp-json\/wp\/v2\/categories?post=713"},{"taxonomy":"post_tag","embeddable":true,"href":"https:\/\/felipevicini.do\/es\/wp-json\/wp\/v2\/tags?post=713"}],"curies":[{"name":"wp","href":"https:\/\/api.w.org\/{rel}","templated":true}]}}